{"id":50602,"date":"2026-09-01T11:00:23","date_gmt":"2026-09-01T15:00:23","guid":{"rendered":"https:\/\/lisamariesavard.com\/?p=50602"},"modified":"2026-09-01T08:46:19","modified_gmt":"2026-09-01T12:46:19","slug":"promotion-mini-seances-automne-2026-seance-famille-en-automne-montreal","status":"publish","type":"post","link":"https:\/\/lisamariesavard.com\/en\/2026\/09\/01\/promotion-mini-seances-automne-2026-seance-famille-en-automne-montreal\/","title":{"rendered":"PROMOTION &#8211; Mini s\u00e9ances d&rsquo;automne 2026. S\u00e9ance famille en automne \u00e0 Montr\u00e9al"},"content":{"rendered":"<h1><strong>Les r\u00e9servations pour les mini s\u00e9ances d\u2019automne \u00e0 Montr\u00e9al sont amorc\u00e9es! S\u00e9ance famille en automne \u00e0 Montr\u00e9al.<\/strong><\/h1>\n<p>Les mini s\u00e9ances d\u2019automne se d\u00e9rouleront le\u00a0<strong>samedi 17 octobre 2026 <\/strong>en apr\u00e8s-midi \u00e0 Montr\u00e9al. En cas de mauvais temps, les s\u00e9ances seront remises au lendemain aux m\u00eames heures.<\/p>\n<p>L\u2019\u00e9v\u00e9nement se tiendra dans <a href=\"https:\/\/lisamariesavard.com\/en\/2025\/12\/05\/mini-seances-dautomne-2025-photos-en-automne-a-montreal\/\" target=\"_blank\" rel=\"noopener\">un\u00a0parc entour\u00e9 par la v\u00e9g\u00e9tation dans le secteur de Verdun\/LaSalle<\/a>. Le lieu exact sera d\u00e9termin\u00e9 vers le 9 octobre lorsque les couleurs seront apparues.<\/p>\n<p><strong>Le forfait comprend:<\/strong><br \/>\n\u2013 15 minutes de s\u00e9ance photo,<br \/>\n\u2013 5 photos num\u00e9riques,<br \/>\n\u2013 La galerie d\u2019\u00e9preuves web,<br \/>\n\u2013 La d\u00e9charge d\u2019impression et d\u2019utilisation.<br \/>\nPrix: 140$ + taxes payable \u00e0 la r\u00e9servation *<br \/>\n* Le forfait inclut jusqu\u2019\u00e0 cinq personnes de la m\u00eame famille. Un frais de 25$ + taxes par personne additionnelle est ajout\u00e9.<\/p>\n<h4>Pour r\u00e9server, s\u00e9lectionnez votre plage horaire en ligne sur la plateforme301 Session: <a href=\"https:\/\/book.usesession.com\/s\/v-IbweJla5\" target=\"_blank\" rel=\"noopener\">https:\/\/book.usesession.com\/s\/v-IbweJla5<\/a><\/h4>\n<p>Je vous ferai ensuite parvenir le contrat et la facture de 140$ + taxes pour officialiser votre r\u00e9servation.\u00a0<strong>Prenez note que choisir la plage horaire sur Session n\u2019est pas suffisant pour effectuer la r\u00e9servation. Le rendez-vous sera officiel seulement lorsque vous aurez rempli le contrat et effectu\u00e9 le paiement.<\/strong><\/p>\n<p>Vous avez des questions \u00e0 propos de cet \u00e9v\u00e9nement sp\u00e9cial? Contactez-moi \u00e0\u00a0<a href=\"mailto:lisamarie.savard@yahoo.ca\" target=\"_blank\" rel=\"noopener\">lisamarie.savard@yahoo.ca<\/a>\u00a0!<\/p>\n<p>Mini s\u00e9ances d&rsquo;automne \u00e0 Montr\u00e9al 2026. S\u00e9ance famille en automne \u00e0 Montr\u00e9al.<\/p>\n<h4><a href=\"https:\/\/lisamariesavard.com\/en\/\" target=\"_blank\" rel=\"noopener noreferrer\">www.lisamariesavard.com<\/a>\u00a0|\u00a0<a href=\"https:\/\/www.facebook.com\/lisamariesavard\" target=\"_blank\" rel=\"noopener noreferrer\">Facebook<\/a>\u00a0|\u00a0<a href=\"https:\/\/www.instagram.com\/lisamariesavard\/\" target=\"_blank\" rel=\"noopener noreferrer\">Instagram<\/a>\u00a0|\u00a0<a href=\"https:\/\/www.pinterest.com\/lisamariesavard\" target=\"_blank\" rel=\"noopener noreferrer\">Pinterest<\/a><\/h4>\n<p>\u2013 \u2013 \u2013 \u2013 \u2013 \u2013 \u2013 \u2013 \u2013 \u2013 \u2013<\/p>\n<h2><strong>Montreal fall mini session booking is now open! 2026 Montreal fall family session.<\/strong><\/h2>\n<p>The fall mini sessions will take place on\u00a0<strong>Saturday, October 17, 2026<\/strong>, in the afternoon. In case of bad weather, the minis will be postponed to the following day at the same time.<\/p>\n<p>The event will take place in\u00a0<a href=\"https:\/\/lisamariesavard.com\/en\/2025\/12\/05\/mini-seances-dautomne-2025-photos-en-automne-a-montreal\/\" target=\"_blank\" rel=\"noopener\">a public park surrounded by greenery in the Verdun\/LaSalle area<\/a> and the exact location will be determined around October 9\u00a0once the trees start showing their fall colours.<\/p>\n<p data-start=\"940\" data-end=\"1059\"><strong>The package includes:<\/strong><br data-start=\"961\" data-end=\"964\" \/>\u2013 15-minute session,<br data-start=\"985\" data-end=\"988\" \/>\u2013 5 digital images,<br data-start=\"1006\" data-end=\"1009\" \/>\u2013 Online proofing gallery,<br data-start=\"1037\" data-end=\"1040\" \/>\u2013 Print release and personal usage rights.<br \/>\nPrice: $140 + taxes, due at booking*<br \/>\n* The package includes up to five members of the same family. A fee of $25 + taxes applies for each additional person.<\/p>\n<h4 data-start=\"1220\" data-end=\"1320\">To book, simply select your time slot online via Session: <a href=\"https:\/\/book.usesession.com\/s\/v-IbweJla5\" target=\"_blank\" rel=\"noopener\">https:\/\/book.usesession.com\/s\/v-IbweJla5<\/a><\/h4>\n<p data-start=\"1322\" data-end=\"1600\" data-is-last-node=\"\" data-is-only-node=\"\">I will then send you the contract along with the $140 + taxes invoice to complete your booking. <strong>Please note that selecting a time slot online does not secure your session. Your booking will only be confirmed once the contract has been signed and the session fee has been paid.<\/strong><\/p>\n<p>Do you have questions about this event? Contact me at\u00a0<a href=\"mailto:lisamarie.savard@yahoo.ca\" target=\"_blank\" rel=\"noopener\">lisamarie.savard@yahoo.ca<\/a>!<\/p>\n<p>2026 Montreal fall mini sessions. Montreal fall family session.<\/p>\n<h4><a href=\"https:\/\/lisamariesavard.com\/en\/\" target=\"_blank\" rel=\"noopener noreferrer\">www.lisamariesavard.com<\/a>\u00a0|\u00a0<a href=\"https:\/\/www.facebook.com\/lisamariesavard\" target=\"_blank\" rel=\"noopener noreferrer\">Facebook<\/a>\u00a0|\u00a0<a href=\"https:\/\/www.instagram.com\/lisamariesavard\/\" target=\"_blank\" rel=\"noopener noreferrer\">Instagram<\/a>\u00a0|\u00a0<a href=\"https:\/\/www.pinterest.com\/lisamariesavard\" target=\"_blank\" rel=\"noopener noreferrer\">Pinterest<\/a><\/h4>\n<p>&nbsp;<\/p>\n<p><img loading=\"lazy\" decoding=\"async\" class=\"aligncenter size-full wp-image-50603\" src=\"https:\/\/lisamariesavard.com\/lms\/wp-content\/uploads\/2026\/08\/miniautomne2026.jpg\" alt=\"Mini s\u00e9ances d'automne 2026 \u00e0 Montr\u00e9al. S\u00e9ance famille en automne \u00e0 Montr\u00e9al. Photographe famille \u00e0 Montr\u00e9al. 2026 Montreal fall mini session. Montreal fall family session. Montreal family photographer.\" width=\"1200\" height=\"1200\" srcset=\"https:\/\/lisamariesavard.com\/lms\/wp-content\/uploads\/2026\/08\/miniautomne2026.jpg 1200w, https:\/\/lisamariesavard.com\/lms\/wp-content\/uploads\/2026\/08\/miniautomne2026-300x300.jpg 300w, https:\/\/lisamariesavard.com\/lms\/wp-content\/uploads\/2026\/08\/miniautomne2026-1024x1024.jpg 1024w, https:\/\/lisamariesavard.com\/lms\/wp-content\/uploads\/2026\/08\/miniautomne2026-800x800.jpg 800w, https:\/\/lisamariesavard.com\/lms\/wp-content\/uploads\/2026\/08\/miniautomne2026-768x768.jpg 768w, https:\/\/lisamariesavard.com\/lms\/wp-content\/uploads\/2026\/08\/miniautomne2026-120x120.jpg 120w, https:\/\/lisamariesavard.com\/lms\/wp-content\/uploads\/2026\/08\/miniautomne2026-12x12.jpg 12w, https:\/\/lisamariesavard.com\/lms\/wp-content\/uploads\/2026\/08\/miniautomne2026-500x500.jpg 500w\" sizes=\"auto, (max-width: 1200px) 100vw, 1200px\" \/><\/p>","protected":false},"excerpt":{"rendered":"<p>Les r\u00e9servations pour les mini s\u00e9ances d\u2019automne \u00e0 Montr\u00e9al sont amorc\u00e9es! S\u00e9ance famille en automne \u00e0 Montr\u00e9al. Les mini s\u00e9ances&#8230;<\/p>\n<div class=\"more-link\"><a href=\"https:\/\/lisamariesavard.com\/en\/2026\/09\/01\/promotion-mini-seances-automne-2026-seance-famille-en-automne-montreal\/\">LIRE LA SUITE<\/a><\/div>","protected":false},"author":1,"featured_media":50603,"comment_status":"open","ping_status":"open","sticky":false,"template":"","format":"standard","meta":{"_genesis_hide_title":false,"_genesis_hide_breadcrumbs":false,"_genesis_hide_singular_image":false,"_genesis_hide_footer_widgets":false,"_genesis_custom_body_class":"","_genesis_custom_post_class":"","_genesis_layout":"","_vp_format_video_url":"","_vp_image_focal_point":[],"footnotes":""},"categories":[341,205,237,40],"tags":[4682,3354,293,1770,454,2298,2297,1613,1808,1889,74,1841,677,2897,4680,2898,2697,4377,1177,2619,1843,3353,4683,2899,3253,2526,1583,1842,1606,2110,1888,2063,2299,1178,1847,1584,1848,1849,2196,1851,1853,1261,739,4376,1854,2839,1226,4684,741,742,4647,4002,3352,2500,4681,3252,2062,1773,1886,1217,2300],"class_list":["post-50602","post","type-post","status-publish","format-standard","has-post-thumbnail","category-couple","category-famille-family","category-maternite-maternity","category-promotion","tag-2026-montreal-fall-mini-sessions","tag-berge-du-saint-laurent","tag-berges-de-verdun","tag-brossard-family-photographer","tag-fall-mini-sessions","tag-family-mini-sessions","tag-family-minis","tag-lasalle-photographer","tag-laval-family-photographer","tag-laval-maternity-photographer","tag-lisa-marie-savard-photographie","tag-longueuil-family-photographer","tag-mini-seance-photo","tag-mini-seances-dautomne","tag-mini-seances-dautomne-2026","tag-mini-seances-dautomne-a-montreal","tag-mini-seances-familiales","tag-mini-sessions-photographer","tag-minis-seances-familiales","tag-monteregie-family-photographer","tag-montreal-children-photographer","tag-montreal-fall-family-photos","tag-montreal-fall-family-session","tag-montreal-fall-mini-sessions","tag-montreal-fall-photo-session","tag-montreal-fall-photos","tag-montreal-family-photographer","tag-montreal-family-photos","tag-montreal-maternity-photographer","tag-ndg-photographer","tag-ourdoor-family-session","tag-outdoor-family-photoshoot","tag-outdoor-photo-session","tag-photo-de-famille","tag-photo-famille-a-lexterieur","tag-photographe-de-famille-a-montreal","tag-photographe-de-famille-brossard","tag-photographe-de-famille-laval","tag-photographe-de-famille-longueuil","tag-photographe-de-famille-montreal","tag-photographe-de-famille-rive-sud","tag-photographe-lachine","tag-photographe-lasalle","tag-photographe-mini-seances","tag-photographe-monteregie","tag-photographe-ndg","tag-photographe-saint-henri","tag-photographe-st-henri","tag-photographe-sud-ouest","tag-photographe-verdun","tag-photographe-ville-emard","tag-photos-dautomne-a-montreal","tag-photos-de-famille-en-octobre-a-montreal","tag-photos-en-automne-a-montreal","tag-seance-famille-en-automne-a-montreal","tag-seance-photo-dautomne-a-montreal","tag-seance-photo-exterieure","tag-south-shore-family-photographer","tag-verdun-family-photographer","tag-verdun-photographer","tag-west-island-photographer","entry"],"yoast_head":"<!-- This site is optimized with the Yoast SEO plugin v28.4 - https:\/\/yoast.com\/product\/yoast-seo-wordpress\/ -->\n<title>PROMOTION - Mini s\u00e9ances d&#039;automne \u00e0 Montr\u00e9al. 17 oct. 2026<\/title>\n<meta name=\"description\" content=\"R\u00e9servez votre mini s\u00e9ances d\u2019automne \u00e0 Montr\u00e9al le samedi 17 octobre 2026! S\u00e9ance famille en automne \u00e0 Montr\u00e9al.\" \/>\n<meta name=\"robots\" content=\"index, follow, max-snippet:-1, max-image-preview:large, max-video-preview:-1\" \/>\n<link rel=\"canonical\" href=\"https:\/\/lisamariesavard.com\/en\/2026\/09\/01\/promotion-mini-seances-automne-2026-seance-famille-en-automne-montreal\/\" \/>\n<meta property=\"og:locale\" content=\"en_US\" \/>\n<meta property=\"og:type\" content=\"article\" \/>\n<meta property=\"og:title\" content=\"PROMOTION - Mini s\u00e9ances d&#039;automne \u00e0 Montr\u00e9al. 17 oct. 2026\" \/>\n<meta property=\"og:description\" content=\"R\u00e9servez votre mini s\u00e9ances d\u2019automne \u00e0 Montr\u00e9al le samedi 17 octobre 2026! S\u00e9ance famille en automne \u00e0 Montr\u00e9al.\" \/>\n<meta property=\"og:url\" content=\"https:\/\/lisamariesavard.com\/en\/2026\/09\/01\/promotion-mini-seances-automne-2026-seance-famille-en-automne-montreal\/\" \/>\n<meta property=\"og:site_name\" content=\"Lisa-Marie Savard Photographie\" \/>\n<meta property=\"article:publisher\" content=\"https:\/\/www.facebook.com\/lisamariesavard\" \/>\n<meta property=\"article:published_time\" content=\"2026-09-01T15:00:23+00:00\" \/>\n<meta property=\"og:image\" content=\"https:\/\/lisamariesavard.com\/lms\/wp-content\/uploads\/2026\/08\/miniautomne2026.jpg\" \/>\n\t<meta property=\"og:image:width\" content=\"1200\" \/>\n\t<meta property=\"og:image:height\" content=\"1200\" \/>\n\t<meta property=\"og:image:type\" content=\"image\/jpeg\" \/>\n<meta name=\"author\" content=\"Lisa-Marie Savard\" \/>\n<meta name=\"twitter:card\" content=\"summary_large_image\" \/>\n<meta name=\"twitter:label1\" content=\"Written by\" \/>\n\t<meta name=\"twitter:data1\" content=\"Lisa-Marie Savard\" \/>\n\t<meta name=\"twitter:label2\" content=\"Est. reading time\" \/>\n\t<meta name=\"twitter:data2\" content=\"3 minutes\" \/>\n<script type=\"application\/ld+json\" class=\"yoast-schema-graph\">{\"@context\":\"https:\\\/\\\/schema.org\",\"@graph\":[{\"@type\":\"Article\",\"@id\":\"https:\\\/\\\/lisamariesavard.com\\\/2026\\\/09\\\/01\\\/promotion-mini-seances-automne-2026-seance-famille-en-automne-montreal\\\/#article\",\"isPartOf\":{\"@id\":\"https:\\\/\\\/lisamariesavard.com\\\/2026\\\/09\\\/01\\\/promotion-mini-seances-automne-2026-seance-famille-en-automne-montreal\\\/\"},\"author\":{\"name\":\"Lisa-Marie Savard\",\"@id\":\"https:\\\/\\\/lisamariesavard.com\\\/#\\\/schema\\\/person\\\/42cddd641d17866ee7a4855104019937\"},\"headline\":\"PROMOTION &#8211; Mini s\u00e9ances d&rsquo;automne 2026. S\u00e9ance famille en automne \u00e0 Montr\u00e9al\",\"datePublished\":\"2026-09-01T15:00:23+00:00\",\"mainEntityOfPage\":{\"@id\":\"https:\\\/\\\/lisamariesavard.com\\\/2026\\\/09\\\/01\\\/promotion-mini-seances-automne-2026-seance-famille-en-automne-montreal\\\/\"},\"wordCount\":468,\"commentCount\":0,\"publisher\":{\"@id\":\"https:\\\/\\\/lisamariesavard.com\\\/#organization\"},\"image\":{\"@id\":\"https:\\\/\\\/lisamariesavard.com\\\/2026\\\/09\\\/01\\\/promotion-mini-seances-automne-2026-seance-famille-en-automne-montreal\\\/#primaryimage\"},\"thumbnailUrl\":\"https:\\\/\\\/lisamariesavard.com\\\/lms\\\/wp-content\\\/uploads\\\/2026\\\/08\\\/miniautomne2026.jpg\",\"keywords\":[\"2026 Montreal fall mini sessions\",\"Berge du Saint-Laurent\",\"Berges de Verdun\",\"Brossard family photographer\",\"Fall mini sessions\",\"Family mini sessions\",\"Family minis\",\"LaSalle photographer\",\"Laval family photographer\",\"Laval maternity photographer\",\"Lisa-Marie Savard Photographie\",\"Longueuil family photographer\",\"Mini s\u00e9ance photo\",\"Mini s\u00e9ances d'automne\",\"Mini s\u00e9ances d'automne 2026\",\"Mini s\u00e9ances d'automne \u00e0 Montr\u00e9al\",\"Mini s\u00e9ances familiales\",\"Mini sessions photographer\",\"Minis s\u00e9ances familiales\",\"Monteregie family photographer\",\"Montreal children photographer\",\"Montreal fall family photos\",\"Montreal fall family session\",\"Montreal fall mini sessions\",\"Montreal fall photo session\",\"Montreal fall photos\",\"Montreal family photographer\",\"Montreal family photos\",\"Montreal maternity photographer\",\"NDG photographer\",\"Ourdoor family session\",\"Outdoor family photoshoot\",\"Outdoor photo session\",\"Photo de famille\",\"Photo famille \u00e0 l'ext\u00e9rieur\",\"Photographe de famille \u00e0 Montr\u00e9al\",\"Photographe de famille Brossard\",\"Photographe de famille Laval\",\"Photographe de famille Longueuil\",\"Photographe de famille Montr\u00e9al\",\"Photographe de famille Rive-Sud\",\"Photographe Lachine\",\"Photographe LaSalle\",\"Photographe mini s\u00e9ances\",\"Photographe Mont\u00e9r\u00e9gie\",\"Photographe NDG\",\"Photographe Saint-Henri\",\"Photographe St-Henri\",\"Photographe Sud-Ouest\",\"Photographe Verdun\",\"Photographe Ville-\u00c9mard\",\"Photos d'automne \u00e0 Montr\u00e9al\",\"Photos de famille en octobre \u00e0 Montr\u00e9al\",\"Photos en automne \u00e0 Montr\u00e9al\",\"S\u00e9ance famille en automne \u00e0 Montr\u00e9al\",\"S\u00e9ance photo d'automne \u00e0 Montr\u00e9al\",\"S\u00e9ance photo ext\u00e9rieure\",\"South Shore family photographer\",\"Verdun family photographer\",\"Verdun photographer\",\"West Island photographer\"],\"articleSection\":[\"Couple &amp; Fian\u00e7ailles\",\"Famille\",\"Maternit\u00e9\",\"Promotion\"],\"inLanguage\":\"en-CA\",\"potentialAction\":[{\"@type\":\"CommentAction\",\"name\":\"Comment\",\"target\":[\"https:\\\/\\\/lisamariesavard.com\\\/2026\\\/09\\\/01\\\/promotion-mini-seances-automne-2026-seance-famille-en-automne-montreal\\\/#respond\"]}]},{\"@type\":\"WebPage\",\"@id\":\"https:\\\/\\\/lisamariesavard.com\\\/2026\\\/09\\\/01\\\/promotion-mini-seances-automne-2026-seance-famille-en-automne-montreal\\\/\",\"url\":\"https:\\\/\\\/lisamariesavard.com\\\/2026\\\/09\\\/01\\\/promotion-mini-seances-automne-2026-seance-famille-en-automne-montreal\\\/\",\"name\":\"PROMOTION - Mini s\u00e9ances d'automne \u00e0 Montr\u00e9al. 17 oct. 2026\",\"isPartOf\":{\"@id\":\"https:\\\/\\\/lisamariesavard.com\\\/#website\"},\"primaryImageOfPage\":{\"@id\":\"https:\\\/\\\/lisamariesavard.com\\\/2026\\\/09\\\/01\\\/promotion-mini-seances-automne-2026-seance-famille-en-automne-montreal\\\/#primaryimage\"},\"image\":{\"@id\":\"https:\\\/\\\/lisamariesavard.com\\\/2026\\\/09\\\/01\\\/promotion-mini-seances-automne-2026-seance-famille-en-automne-montreal\\\/#primaryimage\"},\"thumbnailUrl\":\"https:\\\/\\\/lisamariesavard.com\\\/lms\\\/wp-content\\\/uploads\\\/2026\\\/08\\\/miniautomne2026.jpg\",\"datePublished\":\"2026-09-01T15:00:23+00:00\",\"description\":\"R\u00e9servez votre mini s\u00e9ances d\u2019automne \u00e0 Montr\u00e9al le samedi 17 octobre 2026! S\u00e9ance famille en automne \u00e0 Montr\u00e9al.\",\"breadcrumb\":{\"@id\":\"https:\\\/\\\/lisamariesavard.com\\\/2026\\\/09\\\/01\\\/promotion-mini-seances-automne-2026-seance-famille-en-automne-montreal\\\/#breadcrumb\"},\"inLanguage\":\"en-CA\",\"potentialAction\":[{\"@type\":\"ReadAction\",\"target\":[\"https:\\\/\\\/lisamariesavard.com\\\/2026\\\/09\\\/01\\\/promotion-mini-seances-automne-2026-seance-famille-en-automne-montreal\\\/\"]}]},{\"@type\":\"ImageObject\",\"inLanguage\":\"en-CA\",\"@id\":\"https:\\\/\\\/lisamariesavard.com\\\/2026\\\/09\\\/01\\\/promotion-mini-seances-automne-2026-seance-famille-en-automne-montreal\\\/#primaryimage\",\"url\":\"https:\\\/\\\/lisamariesavard.com\\\/lms\\\/wp-content\\\/uploads\\\/2026\\\/08\\\/miniautomne2026.jpg\",\"contentUrl\":\"https:\\\/\\\/lisamariesavard.com\\\/lms\\\/wp-content\\\/uploads\\\/2026\\\/08\\\/miniautomne2026.jpg\",\"width\":1200,\"height\":1200,\"caption\":\"Mini s\u00e9ances d'automne 2026 \u00e0 Montr\u00e9al. S\u00e9ance famille en automne \u00e0 Montr\u00e9al. Photographe famille \u00e0 Montr\u00e9al. 2026 Montreal fall mini session. Montreal fall family session. Montreal family photographer.\"},{\"@type\":\"BreadcrumbList\",\"@id\":\"https:\\\/\\\/lisamariesavard.com\\\/2026\\\/09\\\/01\\\/promotion-mini-seances-automne-2026-seance-famille-en-automne-montreal\\\/#breadcrumb\",\"itemListElement\":[{\"@type\":\"ListItem\",\"position\":1,\"name\":\"Accueil\",\"item\":\"https:\\\/\\\/lisamariesavard.com\\\/\"},{\"@type\":\"ListItem\",\"position\":2,\"name\":\"PROMOTION &#8211; Mini s\u00e9ances d&rsquo;automne 2026. S\u00e9ance famille en automne \u00e0 Montr\u00e9al\"}]},{\"@type\":\"WebSite\",\"@id\":\"https:\\\/\\\/lisamariesavard.com\\\/#website\",\"url\":\"https:\\\/\\\/lisamariesavard.com\\\/\",\"name\":\"Lisa-Marie Savard Photographie\",\"description\":\"Photographe lifestyle sp\u00e9cialis\u00e9e en mariage et s\u00e9ances familiales\",\"publisher\":{\"@id\":\"https:\\\/\\\/lisamariesavard.com\\\/#organization\"},\"potentialAction\":[{\"@type\":\"SearchAction\",\"target\":{\"@type\":\"EntryPoint\",\"urlTemplate\":\"https:\\\/\\\/lisamariesavard.com\\\/?s={search_term_string}\"},\"query-input\":{\"@type\":\"PropertyValueSpecification\",\"valueRequired\":true,\"valueName\":\"search_term_string\"}}],\"inLanguage\":\"en-CA\"},{\"@type\":\"Organization\",\"@id\":\"https:\\\/\\\/lisamariesavard.com\\\/#organization\",\"name\":\"Lisa-Marie Savard Photographie\",\"url\":\"https:\\\/\\\/lisamariesavard.com\\\/\",\"logo\":{\"@type\":\"ImageObject\",\"inLanguage\":\"en-CA\",\"@id\":\"https:\\\/\\\/lisamariesavard.com\\\/#\\\/schema\\\/logo\\\/image\\\/\",\"url\":\"https:\\\/\\\/lisamariesavard.com\\\/lms\\\/wp-content\\\/uploads\\\/2019\\\/02\\\/LMSP_Logo.jpg\",\"contentUrl\":\"https:\\\/\\\/lisamariesavard.com\\\/lms\\\/wp-content\\\/uploads\\\/2019\\\/02\\\/LMSP_Logo.jpg\",\"width\":947,\"height\":947,\"caption\":\"Lisa-Marie Savard Photographie\"},\"image\":{\"@id\":\"https:\\\/\\\/lisamariesavard.com\\\/#\\\/schema\\\/logo\\\/image\\\/\"},\"sameAs\":[\"https:\\\/\\\/www.facebook.com\\\/lisamariesavard\",\"https:\\\/\\\/www.instagram.com\\\/lisamariesavard\\\/\",\"https:\\\/\\\/www.pinterest.com\\\/lisamariesavard\\\/\"]},{\"@type\":\"Person\",\"@id\":\"https:\\\/\\\/lisamariesavard.com\\\/#\\\/schema\\\/person\\\/42cddd641d17866ee7a4855104019937\",\"name\":\"Lisa-Marie Savard\",\"image\":{\"@type\":\"ImageObject\",\"inLanguage\":\"en-CA\",\"@id\":\"https:\\\/\\\/secure.gravatar.com\\\/avatar\\\/d24c85efa43ddf49d81f3ed6c0f66181efb90fd451b0ff2ac4a47b5a4fd63b00?s=96&d=mm&r=g\",\"url\":\"https:\\\/\\\/secure.gravatar.com\\\/avatar\\\/d24c85efa43ddf49d81f3ed6c0f66181efb90fd451b0ff2ac4a47b5a4fd63b00?s=96&d=mm&r=g\",\"contentUrl\":\"https:\\\/\\\/secure.gravatar.com\\\/avatar\\\/d24c85efa43ddf49d81f3ed6c0f66181efb90fd451b0ff2ac4a47b5a4fd63b00?s=96&d=mm&r=g\",\"caption\":\"Lisa-Marie Savard\"},\"description\":\"Lisa-Marie Savard est une photographe lifestyle sp\u00e9cialis\u00e9e en mariage et s\u00e9ances familiales bas\u00e9e \u00e0 Montr\u00e9al. Pour me contacter: lisamarie.savard[at]yahoo.ca\",\"sameAs\":[\"https:\\\/\\\/www.lisamariesavard.com\"],\"url\":\"https:\\\/\\\/lisamariesavard.com\\\/en\\\/author\\\/admin\\\/\"}]}<\/script>\n<!-- \/ Yoast SEO plugin. -->","yoast_head_json":{"title":"PROMOTION - Mini s\u00e9ances d'automne \u00e0 Montr\u00e9al. 17 oct. 2026","description":"R\u00e9servez votre mini s\u00e9ances d\u2019automne \u00e0 Montr\u00e9al le samedi 17 octobre 2026! S\u00e9ance famille en automne \u00e0 Montr\u00e9al.","robots":{"index":"index","follow":"follow","max-snippet":"max-snippet:-1","max-image-preview":"max-image-preview:large","max-video-preview":"max-video-preview:-1"},"canonical":"https:\/\/lisamariesavard.com\/en\/2026\/09\/01\/promotion-mini-seances-automne-2026-seance-famille-en-automne-montreal\/","og_locale":"en_US","og_type":"article","og_title":"PROMOTION - Mini s\u00e9ances d'automne \u00e0 Montr\u00e9al. 17 oct. 2026","og_description":"R\u00e9servez votre mini s\u00e9ances d\u2019automne \u00e0 Montr\u00e9al le samedi 17 octobre 2026! S\u00e9ance famille en automne \u00e0 Montr\u00e9al.","og_url":"https:\/\/lisamariesavard.com\/en\/2026\/09\/01\/promotion-mini-seances-automne-2026-seance-famille-en-automne-montreal\/","og_site_name":"Lisa-Marie Savard Photographie","article_publisher":"https:\/\/www.facebook.com\/lisamariesavard","article_published_time":"2026-09-01T15:00:23+00:00","og_image":[{"width":1200,"height":1200,"url":"https:\/\/lisamariesavard.com\/lms\/wp-content\/uploads\/2026\/08\/miniautomne2026.jpg","type":"image\/jpeg"}],"author":"Lisa-Marie Savard","twitter_card":"summary_large_image","twitter_misc":{"Written by":"Lisa-Marie Savard","Est. reading time":"3 minutes"},"schema":{"@context":"https:\/\/schema.org","@graph":[{"@type":"Article","@id":"https:\/\/lisamariesavard.com\/2026\/09\/01\/promotion-mini-seances-automne-2026-seance-famille-en-automne-montreal\/#article","isPartOf":{"@id":"https:\/\/lisamariesavard.com\/2026\/09\/01\/promotion-mini-seances-automne-2026-seance-famille-en-automne-montreal\/"},"author":{"name":"Lisa-Marie Savard","@id":"https:\/\/lisamariesavard.com\/#\/schema\/person\/42cddd641d17866ee7a4855104019937"},"headline":"PROMOTION &#8211; Mini s\u00e9ances d&rsquo;automne 2026. S\u00e9ance famille en automne \u00e0 Montr\u00e9al","datePublished":"2026-09-01T15:00:23+00:00","mainEntityOfPage":{"@id":"https:\/\/lisamariesavard.com\/2026\/09\/01\/promotion-mini-seances-automne-2026-seance-famille-en-automne-montreal\/"},"wordCount":468,"commentCount":0,"publisher":{"@id":"https:\/\/lisamariesavard.com\/#organization"},"image":{"@id":"https:\/\/lisamariesavard.com\/2026\/09\/01\/promotion-mini-seances-automne-2026-seance-famille-en-automne-montreal\/#primaryimage"},"thumbnailUrl":"https:\/\/lisamariesavard.com\/lms\/wp-content\/uploads\/2026\/08\/miniautomne2026.jpg","keywords":["2026 Montreal fall mini sessions","Berge du Saint-Laurent","Berges de Verdun","Brossard family photographer","Fall mini sessions","Family mini sessions","Family minis","LaSalle photographer","Laval family photographer","Laval maternity photographer","Lisa-Marie Savard Photographie","Longueuil family photographer","Mini s\u00e9ance photo","Mini s\u00e9ances d'automne","Mini s\u00e9ances d'automne 2026","Mini s\u00e9ances d'automne \u00e0 Montr\u00e9al","Mini s\u00e9ances familiales","Mini sessions photographer","Minis s\u00e9ances familiales","Monteregie family photographer","Montreal children photographer","Montreal fall family photos","Montreal fall family session","Montreal fall mini sessions","Montreal fall photo session","Montreal fall photos","Montreal family photographer","Montreal family photos","Montreal maternity photographer","NDG photographer","Ourdoor family session","Outdoor family photoshoot","Outdoor photo session","Photo de famille","Photo famille \u00e0 l'ext\u00e9rieur","Photographe de famille \u00e0 Montr\u00e9al","Photographe de famille Brossard","Photographe de famille Laval","Photographe de famille Longueuil","Photographe de famille Montr\u00e9al","Photographe de famille Rive-Sud","Photographe Lachine","Photographe LaSalle","Photographe mini s\u00e9ances","Photographe Mont\u00e9r\u00e9gie","Photographe NDG","Photographe Saint-Henri","Photographe St-Henri","Photographe Sud-Ouest","Photographe Verdun","Photographe Ville-\u00c9mard","Photos d'automne \u00e0 Montr\u00e9al","Photos de famille en octobre \u00e0 Montr\u00e9al","Photos en automne \u00e0 Montr\u00e9al","S\u00e9ance famille en automne \u00e0 Montr\u00e9al","S\u00e9ance photo d'automne \u00e0 Montr\u00e9al","S\u00e9ance photo ext\u00e9rieure","South Shore family photographer","Verdun family photographer","Verdun photographer","West Island photographer"],"articleSection":["Couple &amp; Fian\u00e7ailles","Famille","Maternit\u00e9","Promotion"],"inLanguage":"en-CA","potentialAction":[{"@type":"CommentAction","name":"Comment","target":["https:\/\/lisamariesavard.com\/2026\/09\/01\/promotion-mini-seances-automne-2026-seance-famille-en-automne-montreal\/#respond"]}]},{"@type":"WebPage","@id":"https:\/\/lisamariesavard.com\/2026\/09\/01\/promotion-mini-seances-automne-2026-seance-famille-en-automne-montreal\/","url":"https:\/\/lisamariesavard.com\/2026\/09\/01\/promotion-mini-seances-automne-2026-seance-famille-en-automne-montreal\/","name":"PROMOTION - Mini s\u00e9ances d'automne \u00e0 Montr\u00e9al. 17 oct. 2026","isPartOf":{"@id":"https:\/\/lisamariesavard.com\/#website"},"primaryImageOfPage":{"@id":"https:\/\/lisamariesavard.com\/2026\/09\/01\/promotion-mini-seances-automne-2026-seance-famille-en-automne-montreal\/#primaryimage"},"image":{"@id":"https:\/\/lisamariesavard.com\/2026\/09\/01\/promotion-mini-seances-automne-2026-seance-famille-en-automne-montreal\/#primaryimage"},"thumbnailUrl":"https:\/\/lisamariesavard.com\/lms\/wp-content\/uploads\/2026\/08\/miniautomne2026.jpg","datePublished":"2026-09-01T15:00:23+00:00","description":"R\u00e9servez votre mini s\u00e9ances d\u2019automne \u00e0 Montr\u00e9al le samedi 17 octobre 2026! S\u00e9ance famille en automne \u00e0 Montr\u00e9al.","breadcrumb":{"@id":"https:\/\/lisamariesavard.com\/2026\/09\/01\/promotion-mini-seances-automne-2026-seance-famille-en-automne-montreal\/#breadcrumb"},"inLanguage":"en-CA","potentialAction":[{"@type":"ReadAction","target":["https:\/\/lisamariesavard.com\/2026\/09\/01\/promotion-mini-seances-automne-2026-seance-famille-en-automne-montreal\/"]}]},{"@type":"ImageObject","inLanguage":"en-CA","@id":"https:\/\/lisamariesavard.com\/2026\/09\/01\/promotion-mini-seances-automne-2026-seance-famille-en-automne-montreal\/#primaryimage","url":"https:\/\/lisamariesavard.com\/lms\/wp-content\/uploads\/2026\/08\/miniautomne2026.jpg","contentUrl":"https:\/\/lisamariesavard.com\/lms\/wp-content\/uploads\/2026\/08\/miniautomne2026.jpg","width":1200,"height":1200,"caption":"Mini s\u00e9ances d'automne 2026 \u00e0 Montr\u00e9al. S\u00e9ance famille en automne \u00e0 Montr\u00e9al. Photographe famille \u00e0 Montr\u00e9al. 2026 Montreal fall mini session. Montreal fall family session. Montreal family photographer."},{"@type":"BreadcrumbList","@id":"https:\/\/lisamariesavard.com\/2026\/09\/01\/promotion-mini-seances-automne-2026-seance-famille-en-automne-montreal\/#breadcrumb","itemListElement":[{"@type":"ListItem","position":1,"name":"Accueil","item":"https:\/\/lisamariesavard.com\/"},{"@type":"ListItem","position":2,"name":"PROMOTION &#8211; Mini s\u00e9ances d&rsquo;automne 2026. S\u00e9ance famille en automne \u00e0 Montr\u00e9al"}]},{"@type":"WebSite","@id":"https:\/\/lisamariesavard.com\/#website","url":"https:\/\/lisamariesavard.com\/","name":"Lisa-Marie Savard Photographie","description":"Photographe lifestyle sp\u00e9cialis\u00e9e en mariage et s\u00e9ances familiales","publisher":{"@id":"https:\/\/lisamariesavard.com\/#organization"},"potentialAction":[{"@type":"SearchAction","target":{"@type":"EntryPoint","urlTemplate":"https:\/\/lisamariesavard.com\/?s={search_term_string}"},"query-input":{"@type":"PropertyValueSpecification","valueRequired":true,"valueName":"search_term_string"}}],"inLanguage":"en-CA"},{"@type":"Organization","@id":"https:\/\/lisamariesavard.com\/#organization","name":"Lisa-Marie Savard Photographie","url":"https:\/\/lisamariesavard.com\/","logo":{"@type":"ImageObject","inLanguage":"en-CA","@id":"https:\/\/lisamariesavard.com\/#\/schema\/logo\/image\/","url":"https:\/\/lisamariesavard.com\/lms\/wp-content\/uploads\/2019\/02\/LMSP_Logo.jpg","contentUrl":"https:\/\/lisamariesavard.com\/lms\/wp-content\/uploads\/2019\/02\/LMSP_Logo.jpg","width":947,"height":947,"caption":"Lisa-Marie Savard Photographie"},"image":{"@id":"https:\/\/lisamariesavard.com\/#\/schema\/logo\/image\/"},"sameAs":["https:\/\/www.facebook.com\/lisamariesavard","https:\/\/www.instagram.com\/lisamariesavard\/","https:\/\/www.pinterest.com\/lisamariesavard\/"]},{"@type":"Person","@id":"https:\/\/lisamariesavard.com\/#\/schema\/person\/42cddd641d17866ee7a4855104019937","name":"Lisa-Marie Savard","image":{"@type":"ImageObject","inLanguage":"en-CA","@id":"https:\/\/secure.gravatar.com\/avatar\/d24c85efa43ddf49d81f3ed6c0f66181efb90fd451b0ff2ac4a47b5a4fd63b00?s=96&d=mm&r=g","url":"https:\/\/secure.gravatar.com\/avatar\/d24c85efa43ddf49d81f3ed6c0f66181efb90fd451b0ff2ac4a47b5a4fd63b00?s=96&d=mm&r=g","contentUrl":"https:\/\/secure.gravatar.com\/avatar\/d24c85efa43ddf49d81f3ed6c0f66181efb90fd451b0ff2ac4a47b5a4fd63b00?s=96&d=mm&r=g","caption":"Lisa-Marie Savard"},"description":"Lisa-Marie Savard est une photographe lifestyle sp\u00e9cialis\u00e9e en mariage et s\u00e9ances familiales bas\u00e9e \u00e0 Montr\u00e9al. Pour me contacter: lisamarie.savard[at]yahoo.ca","sameAs":["https:\/\/www.lisamariesavard.com"],"url":"https:\/\/lisamariesavard.com\/en\/author\/admin\/"}]}},"_links":{"self":[{"href":"https:\/\/lisamariesavard.com\/en\/wp-json\/wp\/v2\/posts\/50602","targetHints":{"allow":["GET"]}}],"collection":[{"href":"https:\/\/lisamariesavard.com\/en\/wp-json\/wp\/v2\/posts"}],"about":[{"href":"https:\/\/lisamariesavard.com\/en\/wp-json\/wp\/v2\/types\/post"}],"author":[{"embeddable":true,"href":"https:\/\/lisamariesavard.com\/en\/wp-json\/wp\/v2\/users\/1"}],"replies":[{"embeddable":true,"href":"https:\/\/lisamariesavard.com\/en\/wp-json\/wp\/v2\/comments?post=50602"}],"version-history":[{"count":3,"href":"https:\/\/lisamariesavard.com\/en\/wp-json\/wp\/v2\/posts\/50602\/revisions"}],"predecessor-version":[{"id":50611,"href":"https:\/\/lisamariesavard.com\/en\/wp-json\/wp\/v2\/posts\/50602\/revisions\/50611"}],"wp:featuredmedia":[{"embeddable":true,"href":"https:\/\/lisamariesavard.com\/en\/wp-json\/wp\/v2\/media\/50603"}],"wp:attachment":[{"href":"https:\/\/lisamariesavard.com\/en\/wp-json\/wp\/v2\/media?parent=50602"}],"wp:term":[{"taxonomy":"category","embeddable":true,"href":"https:\/\/lisamariesavard.com\/en\/wp-json\/wp\/v2\/categories?post=50602"},{"taxonomy":"post_tag","embeddable":true,"href":"https:\/\/lisamariesavard.com\/en\/wp-json\/wp\/v2\/tags?post=50602"}],"curies":[{"name":"wp","href":"https:\/\/api.w.org\/{rel}","templated":true}]}}